{"id":2666,"date":"2021-05-31T15:07:50","date_gmt":"2021-05-31T07:07:50","guid":{"rendered":"https:\/\/blog.visual-paradigm.com\/pt\/?p=2666"},"modified":"2022-11-07T14:09:37","modified_gmt":"2022-11-07T06:09:37","slug":"reduce-reuse-recycle-infographic","status":"publish","type":"post","link":"https:\/\/blog.visual-paradigm.com\/pt\/reduce-reuse-recycle-infographic\/","title":{"rendered":"Reduza O Infogr\u00e1fico De Reciclagem De Reutiliza\u00e7\u00e3o"},"content":{"rendered":"<div class=\"cl-preview-section\">\n<p>O aumento cont\u00ednuo das cargas de res\u00edduos significa que estamos esgotando a capacidade do aterro muito mais cedo do que o esperado. O espa\u00e7o dispon\u00edvel para aterros sanit\u00e1rios n\u00e3o durar\u00e1 muito para muitas cidades, se os n\u00edveis de res\u00edduos continuarem a aumentar nos n\u00edveis atuais. Tornou-se muito urgente gerenciar res\u00edduos s\u00f3lidos urbanos, res\u00edduos de constru\u00e7\u00e3o, res\u00edduos t\u00f3xicos e assim por diante.<\/p>\n<\/div>\n<div class=\"cl-preview-section\">\n<p>Para aplicar a Abordagem 3R, todas as pessoas, sociedades e organiza\u00e7\u00f5es devem fazer o m\u00e1ximo \u2013 reduzir, reutilizar, reciclar.<\/p>\n<\/div>\n<div class=\"cl-preview-section\">\n<p>Esses tr\u00eas termos &#8216;R&#8217; s\u00e3o um aspecto vital da vida sustent\u00e1vel, pois visam minimizar a quantidade de lixo que temos que jogar fora.\u00a0Reduzir, reutilizar, reciclar:<\/p>\n<\/div>\n<div class=\"cl-preview-section\">\n<blockquote><p>\u00c9 f\u00e1cil, s\u00e9rio!<\/p><\/blockquote>\n<\/div>\n<div class=\"cl-preview-section\">\n<ul>\n<li>Diminua a quantidade de res\u00edduos que voc\u00ea est\u00e1 fazendo.<\/li>\n<li>Antes de substitu\u00ed-los, reutilize itens o m\u00e1ximo que puder.<\/li>\n<li>Sempre que poss\u00edvel, recicle os itens.<\/li>\n<\/ul>\n<\/div>\n<div class=\"cl-preview-section\">\n<p>Podemos tomar medidas usando os conceitos dos 3 &#8216;R&#8217;s para minimizar o espa\u00e7o necess\u00e1rio para os locais de despejo para descarte de materiais residuais.<\/p>\n<\/div>\n<div class=\"cl-preview-section\">\n<p><img decoding=\"async\" src=\"https:\/\/blog.visual-paradigm.com\/wp-content\/uploads\/2022\/10\/reduce-reuse-recycle-infographic.png\" alt=\"Reduce Reuse Recycle Infographic\" \/><\/p>\n<\/div>\n<div class=\"cl-preview-section\">\n<p><a href=\"https:\/\/online.visual-paradigm.com\/app\/diagrams\/#infoart:proj=0&amp;type=Infographics&amp;gallery=\/repository\/80f773ee-1599-4599-9a7b-1c565238fc41.xml&amp;name=Reduce%20Reuse%20Recycle%20Infographic\">Editar este modelo<\/a><\/p>\n<\/div>\n","protected":false},"excerpt":{"rendered":"<p>O aumento cont\u00ednuo das cargas de res\u00edduos significa que estamos esgotando a capacidade do aterro muito mais cedo do que o esperado. O espa\u00e7o dispon\u00edvel para aterros sanit\u00e1rios n\u00e3o durar\u00e1 muito para muitas cidades, se os n\u00edveis de res\u00edduos continuarem a aumentar nos n\u00edveis atuais. Tornou-se muito urgente gerenciar res\u00edduos s\u00f3lidos urbanos, res\u00edduos de constru\u00e7\u00e3o, [&hellip;]<\/p>\n","protected":false},"author":1,"featured_media":4194,"comment_status":"open","ping_status":"closed","sticky":false,"template":"","format":"standard","meta":{"_lmt_disableupdate":"","_lmt_disable":"","footnotes":""},"categories":[26,30],"tags":[],"class_list":["post-2666","post","type-post","status-publish","format-standard","has-post-thumbnail","hentry","category-infographics","category-templates","loop-entry","clr"],"yoast_head":"<!-- This site is optimized with the Yoast SEO plugin v24.3 - https:\/\/yoast.com\/wordpress\/plugins\/seo\/ -->\n<title>Reduza O Infogr\u00e1fico De Reciclagem De Reutiliza\u00e7\u00e3o - Visual Paradigm Blog<\/title>\n<meta name=\"description\" content=\"O aumento cont\u00ednuo das cargas de res\u00edduos significa que estamos a funcionar muito mais cedo do que o esperado fora da capacidade dos aterros. O espa\u00e7o de aterro dispon\u00edvel n\u00e3o durar\u00e1 muito tempo para muitas cidades, se os n\u00edveis de res\u00edduos continuarem a subir aos n\u00edveis actuais.\" \/>\n<meta name=\"robots\" content=\"index, follow, max-snippet:-1, max-image-preview:large, max-video-preview:-1\" \/>\n<link rel=\"canonical\" href=\"https:\/\/blog.visual-paradigm.com\/pt\/reduce-reuse-recycle-infographic\/\" \/>\n<meta property=\"og:locale\" content=\"pt_PT\" \/>\n<meta property=\"og:type\" content=\"article\" \/>\n<meta property=\"og:title\" content=\"Reduza O Infogr\u00e1fico De Reciclagem De Reutiliza\u00e7\u00e3o - Visual Paradigm Blog\" \/>\n<meta property=\"og:description\" content=\"O aumento cont\u00ednuo das cargas de res\u00edduos significa que estamos a funcionar muito mais cedo do que o esperado fora da capacidade dos aterros. O espa\u00e7o de aterro dispon\u00edvel n\u00e3o durar\u00e1 muito tempo para muitas cidades, se os n\u00edveis de res\u00edduos continuarem a subir aos n\u00edveis actuais.\" \/>\n<meta property=\"og:url\" content=\"https:\/\/blog.visual-paradigm.com\/pt\/reduce-reuse-recycle-infographic\/\" \/>\n<meta property=\"og:site_name\" content=\"Visual Paradigm Blog\" \/>\n<meta property=\"article:published_time\" content=\"2021-05-31T07:07:50+00:00\" \/>\n<meta property=\"article:modified_time\" content=\"2022-11-07T06:09:37+00:00\" \/>\n<meta property=\"og:image\" content=\"https:\/\/blog.visual-paradigm.com\/pt\/wp-content\/uploads\/sites\/11\/2021\/05\/reduce-reuse-recycle-infographic-thumbnail.png\" \/>\n<meta name=\"author\" content=\"Admin\" \/>\n<meta name=\"twitter:card\" content=\"summary_large_image\" \/>\n<meta name=\"twitter:image\" content=\"https:\/\/blog.visual-paradigm.com\/pt\/wp-content\/uploads\/sites\/11\/2021\/05\/reduce-reuse-recycle-infographic-thumbnail.png\" \/>\n<meta name=\"twitter:label1\" content=\"Escrito por\" \/>\n\t<meta name=\"twitter:data1\" content=\"Admin\" \/>\n\t<meta name=\"twitter:label2\" content=\"Tempo estimado de leitura\" \/>\n\t<meta name=\"twitter:data2\" content=\"2 minutos\" \/>\n<script type=\"application\/ld+json\" class=\"yoast-schema-graph\">{\"@context\":\"https:\/\/schema.org\",\"@graph\":[{\"@type\":\"WebPage\",\"@id\":\"https:\/\/blog.visual-paradigm.com\/pt\/reduce-reuse-recycle-infographic\/\",\"url\":\"https:\/\/blog.visual-paradigm.com\/pt\/reduce-reuse-recycle-infographic\/\",\"name\":\"Reduza O Infogr\u00e1fico De Reciclagem De Reutiliza\u00e7\u00e3o - Visual Paradigm Blog\",\"isPartOf\":{\"@id\":\"https:\/\/blog.visual-paradigm.com\/pt\/#website\"},\"primaryImageOfPage\":{\"@id\":\"https:\/\/blog.visual-paradigm.com\/pt\/reduce-reuse-recycle-infographic\/#primaryimage\"},\"image\":{\"@id\":\"https:\/\/blog.visual-paradigm.com\/pt\/reduce-reuse-recycle-infographic\/#primaryimage\"},\"thumbnailUrl\":\"https:\/\/blog.visual-paradigm.com\/pt\/wp-content\/uploads\/sites\/11\/2021\/05\/reduce-reuse-recycle-infographic-thumbnail.png\",\"datePublished\":\"2021-05-31T07:07:50+00:00\",\"dateModified\":\"2022-11-07T06:09:37+00:00\",\"author\":{\"@id\":\"https:\/\/blog.visual-paradigm.com\/pt\/#\/schema\/person\/a649c442f11a53040710ddec750926c6\"},\"description\":\"O aumento cont\u00ednuo das cargas de res\u00edduos significa que estamos a funcionar muito mais cedo do que o esperado fora da capacidade dos aterros. O espa\u00e7o de aterro dispon\u00edvel n\u00e3o durar\u00e1 muito tempo para muitas cidades, se os n\u00edveis de res\u00edduos continuarem a subir aos n\u00edveis actuais.\",\"breadcrumb\":{\"@id\":\"https:\/\/blog.visual-paradigm.com\/pt\/reduce-reuse-recycle-infographic\/#breadcrumb\"},\"inLanguage\":\"pt-PT\",\"potentialAction\":[{\"@type\":\"ReadAction\",\"target\":[\"https:\/\/blog.visual-paradigm.com\/pt\/reduce-reuse-recycle-infographic\/\"]}]},{\"@type\":\"ImageObject\",\"inLanguage\":\"pt-PT\",\"@id\":\"https:\/\/blog.visual-paradigm.com\/pt\/reduce-reuse-recycle-infographic\/#primaryimage\",\"url\":\"https:\/\/blog.visual-paradigm.com\/pt\/wp-content\/uploads\/sites\/11\/2021\/05\/reduce-reuse-recycle-infographic-thumbnail.png\",\"contentUrl\":\"https:\/\/blog.visual-paradigm.com\/pt\/wp-content\/uploads\/sites\/11\/2021\/05\/reduce-reuse-recycle-infographic-thumbnail.png\",\"width\":\"474\",\"height\":\"690\",\"caption\":\"Reduza O Infogr\u00e1fico De Reciclagem De Reutiliza\u00e7\u00e3o\"},{\"@type\":\"BreadcrumbList\",\"@id\":\"https:\/\/blog.visual-paradigm.com\/pt\/reduce-reuse-recycle-infographic\/#breadcrumb\",\"itemListElement\":[{\"@type\":\"ListItem\",\"position\":1,\"name\":\"Home\",\"item\":\"https:\/\/blog.visual-paradigm.com\/pt\/\"},{\"@type\":\"ListItem\",\"position\":2,\"name\":\"Reduza O Infogr\u00e1fico De Reciclagem De Reutiliza\u00e7\u00e3o\"}]},{\"@type\":\"WebSite\",\"@id\":\"https:\/\/blog.visual-paradigm.com\/pt\/#website\",\"url\":\"https:\/\/blog.visual-paradigm.com\/pt\/\",\"name\":\"Visual Paradigm Blog\",\"description\":\"\",\"potentialAction\":[{\"@type\":\"SearchAction\",\"target\":{\"@type\":\"EntryPoint\",\"urlTemplate\":\"https:\/\/blog.visual-paradigm.com\/pt\/?s={search_term_string}\"},\"query-input\":{\"@type\":\"PropertyValueSpecification\",\"valueRequired\":true,\"valueName\":\"search_term_string\"}}],\"inLanguage\":\"pt-PT\"},{\"@type\":\"Person\",\"@id\":\"https:\/\/blog.visual-paradigm.com\/pt\/#\/schema\/person\/a649c442f11a53040710ddec750926c6\",\"name\":\"Admin\",\"image\":{\"@type\":\"ImageObject\",\"inLanguage\":\"pt-PT\",\"@id\":\"https:\/\/blog.visual-paradigm.com\/pt\/#\/schema\/person\/image\/\",\"url\":\"https:\/\/secure.gravatar.com\/avatar\/6b756c36f5e9132f6067fb4d22bef2e3?s=96&d=mm&r=g\",\"contentUrl\":\"https:\/\/secure.gravatar.com\/avatar\/6b756c36f5e9132f6067fb4d22bef2e3?s=96&d=mm&r=g\",\"caption\":\"Admin\"},\"url\":\"https:\/\/blog.visual-paradigm.com\/pt\/author\/vpadminuser\/\"}]}<\/script>\n<!-- \/ Yoast SEO plugin. -->","yoast_head_json":{"title":"Reduza O Infogr\u00e1fico De Reciclagem De Reutiliza\u00e7\u00e3o - Visual Paradigm Blog","description":"O aumento cont\u00ednuo das cargas de res\u00edduos significa que estamos a funcionar muito mais cedo do que o esperado fora da capacidade dos aterros. O espa\u00e7o de aterro dispon\u00edvel n\u00e3o durar\u00e1 muito tempo para muitas cidades, se os n\u00edveis de res\u00edduos continuarem a subir aos n\u00edveis actuais.","robots":{"index":"index","follow":"follow","max-snippet":"max-snippet:-1","max-image-preview":"max-image-preview:large","max-video-preview":"max-video-preview:-1"},"canonical":"https:\/\/blog.visual-paradigm.com\/pt\/reduce-reuse-recycle-infographic\/","og_locale":"pt_PT","og_type":"article","og_title":"Reduza O Infogr\u00e1fico De Reciclagem De Reutiliza\u00e7\u00e3o - Visual Paradigm Blog","og_description":"O aumento cont\u00ednuo das cargas de res\u00edduos significa que estamos a funcionar muito mais cedo do que o esperado fora da capacidade dos aterros. O espa\u00e7o de aterro dispon\u00edvel n\u00e3o durar\u00e1 muito tempo para muitas cidades, se os n\u00edveis de res\u00edduos continuarem a subir aos n\u00edveis actuais.","og_url":"https:\/\/blog.visual-paradigm.com\/pt\/reduce-reuse-recycle-infographic\/","og_site_name":"Visual Paradigm Blog","article_published_time":"2021-05-31T07:07:50+00:00","article_modified_time":"2022-11-07T06:09:37+00:00","og_image":[{"url":"https:\/\/blog.visual-paradigm.com\/pt\/wp-content\/uploads\/sites\/11\/2021\/05\/reduce-reuse-recycle-infographic-thumbnail.png","type":"","width":"","height":""}],"author":"Admin","twitter_card":"summary_large_image","twitter_image":"https:\/\/blog.visual-paradigm.com\/pt\/wp-content\/uploads\/sites\/11\/2021\/05\/reduce-reuse-recycle-infographic-thumbnail.png","twitter_misc":{"Escrito por":"Admin","Tempo estimado de leitura":"2 minutos"},"schema":{"@context":"https:\/\/schema.org","@graph":[{"@type":"WebPage","@id":"https:\/\/blog.visual-paradigm.com\/pt\/reduce-reuse-recycle-infographic\/","url":"https:\/\/blog.visual-paradigm.com\/pt\/reduce-reuse-recycle-infographic\/","name":"Reduza O Infogr\u00e1fico De Reciclagem De Reutiliza\u00e7\u00e3o - Visual Paradigm Blog","isPartOf":{"@id":"https:\/\/blog.visual-paradigm.com\/pt\/#website"},"primaryImageOfPage":{"@id":"https:\/\/blog.visual-paradigm.com\/pt\/reduce-reuse-recycle-infographic\/#primaryimage"},"image":{"@id":"https:\/\/blog.visual-paradigm.com\/pt\/reduce-reuse-recycle-infographic\/#primaryimage"},"thumbnailUrl":"https:\/\/blog.visual-paradigm.com\/pt\/wp-content\/uploads\/sites\/11\/2021\/05\/reduce-reuse-recycle-infographic-thumbnail.png","datePublished":"2021-05-31T07:07:50+00:00","dateModified":"2022-11-07T06:09:37+00:00","author":{"@id":"https:\/\/blog.visual-paradigm.com\/pt\/#\/schema\/person\/a649c442f11a53040710ddec750926c6"},"description":"O aumento cont\u00ednuo das cargas de res\u00edduos significa que estamos a funcionar muito mais cedo do que o esperado fora da capacidade dos aterros. O espa\u00e7o de aterro dispon\u00edvel n\u00e3o durar\u00e1 muito tempo para muitas cidades, se os n\u00edveis de res\u00edduos continuarem a subir aos n\u00edveis actuais.","breadcrumb":{"@id":"https:\/\/blog.visual-paradigm.com\/pt\/reduce-reuse-recycle-infographic\/#breadcrumb"},"inLanguage":"pt-PT","potentialAction":[{"@type":"ReadAction","target":["https:\/\/blog.visual-paradigm.com\/pt\/reduce-reuse-recycle-infographic\/"]}]},{"@type":"ImageObject","inLanguage":"pt-PT","@id":"https:\/\/blog.visual-paradigm.com\/pt\/reduce-reuse-recycle-infographic\/#primaryimage","url":"https:\/\/blog.visual-paradigm.com\/pt\/wp-content\/uploads\/sites\/11\/2021\/05\/reduce-reuse-recycle-infographic-thumbnail.png","contentUrl":"https:\/\/blog.visual-paradigm.com\/pt\/wp-content\/uploads\/sites\/11\/2021\/05\/reduce-reuse-recycle-infographic-thumbnail.png","width":"474","height":"690","caption":"Reduza O Infogr\u00e1fico De Reciclagem De Reutiliza\u00e7\u00e3o"},{"@type":"BreadcrumbList","@id":"https:\/\/blog.visual-paradigm.com\/pt\/reduce-reuse-recycle-infographic\/#breadcrumb","itemListElement":[{"@type":"ListItem","position":1,"name":"Home","item":"https:\/\/blog.visual-paradigm.com\/pt\/"},{"@type":"ListItem","position":2,"name":"Reduza O Infogr\u00e1fico De Reciclagem De Reutiliza\u00e7\u00e3o"}]},{"@type":"WebSite","@id":"https:\/\/blog.visual-paradigm.com\/pt\/#website","url":"https:\/\/blog.visual-paradigm.com\/pt\/","name":"Visual Paradigm Blog","description":"","potentialAction":[{"@type":"SearchAction","target":{"@type":"EntryPoint","urlTemplate":"https:\/\/blog.visual-paradigm.com\/pt\/?s={search_term_string}"},"query-input":{"@type":"PropertyValueSpecification","valueRequired":true,"valueName":"search_term_string"}}],"inLanguage":"pt-PT"},{"@type":"Person","@id":"https:\/\/blog.visual-paradigm.com\/pt\/#\/schema\/person\/a649c442f11a53040710ddec750926c6","name":"Admin","image":{"@type":"ImageObject","inLanguage":"pt-PT","@id":"https:\/\/blog.visual-paradigm.com\/pt\/#\/schema\/person\/image\/","url":"https:\/\/secure.gravatar.com\/avatar\/6b756c36f5e9132f6067fb4d22bef2e3?s=96&d=mm&r=g","contentUrl":"https:\/\/secure.gravatar.com\/avatar\/6b756c36f5e9132f6067fb4d22bef2e3?s=96&d=mm&r=g","caption":"Admin"},"url":"https:\/\/blog.visual-paradigm.com\/pt\/author\/vpadminuser\/"}]}},"modified_by":"vpmiku","_links":{"self":[{"href":"https:\/\/blog.visual-paradigm.com\/pt\/wp-json\/wp\/v2\/posts\/2666","targetHints":{"allow":["GET"]}}],"collection":[{"href":"https:\/\/blog.visual-paradigm.com\/pt\/wp-json\/wp\/v2\/posts"}],"about":[{"href":"https:\/\/blog.visual-paradigm.com\/pt\/wp-json\/wp\/v2\/types\/post"}],"author":[{"embeddable":true,"href":"https:\/\/blog.visual-paradigm.com\/pt\/wp-json\/wp\/v2\/users\/1"}],"replies":[{"embeddable":true,"href":"https:\/\/blog.visual-paradigm.com\/pt\/wp-json\/wp\/v2\/comments?post=2666"}],"version-history":[{"count":6,"href":"https:\/\/blog.visual-paradigm.com\/pt\/wp-json\/wp\/v2\/posts\/2666\/revisions"}],"predecessor-version":[{"id":8588,"href":"https:\/\/blog.visual-paradigm.com\/pt\/wp-json\/wp\/v2\/posts\/2666\/revisions\/8588"}],"wp:featuredmedia":[{"embeddable":true,"href":"https:\/\/blog.visual-paradigm.com\/pt\/wp-json\/wp\/v2\/media\/4194"}],"wp:attachment":[{"href":"https:\/\/blog.visual-paradigm.com\/pt\/wp-json\/wp\/v2\/media?parent=2666"}],"wp:term":[{"taxonomy":"category","embeddable":true,"href":"https:\/\/blog.visual-paradigm.com\/pt\/wp-json\/wp\/v2\/categories?post=2666"},{"taxonomy":"post_tag","embeddable":true,"href":"https:\/\/blog.visual-paradigm.com\/pt\/wp-json\/wp\/v2\/tags?post=2666"}],"curies":[{"name":"wp","href":"https:\/\/api.w.org\/{rel}","templated":true}]}}